{"id":1775,"date":"2021-10-26T16:26:57","date_gmt":"2021-10-26T16:26:57","guid":{"rendered":"https:\/\/grenier-avocats.com\/?p=1775"},"modified":"2025-09-27T21:44:57","modified_gmt":"2025-09-27T19:44:57","slug":"congratulations-to-axel-for-the-validation-of-his-master-2-as-valedictorian","status":"publish","type":"post","link":"https:\/\/grenier-avocats.com\/en\/congratulations-to-axel-for-the-validation-of-his-master-2-as-valedictorian\/","title":{"rendered":"Congratulations to Axel for being valedictorian of the Master 2 International Business Lawyer &#8211; University of Paris"},"content":{"rendered":"<p>We warmly congratulate Axel for the validation of his <a href=\"https:\/\/odf.u-paris.fr\/fr\/offre-de-formation\/master-XB\/droit-economie-gestion-DEG\/droit-des-affaires-K2NDGS0B\/master-droit-des-affaires-parcours-juriste-d-affaires-international-JT8HVUB2.html\" target=\"_blank\" rel=\"noopener\">Master 2 International Business Lawyer &#8211; University of Paris<\/a> as valedictorian of the class of 2020-2021.<\/p>\n<p>For the past two months, Axel has been assisting the entire team in cases involving civil liability, insurance and construction law, and more generally in business litigation and arbitration. He is particularly appreciated for his ability to analyze complex issues very quickly and to find pragmatic solutions.<\/p>\n<p>We wish him a very good continuation among us!<\/p>\n","protected":false},"excerpt":{"rendered":"<p>We warmly congratulate Axel for the validation of his Master 2 International Business Lawyer &#8211; University of Paris as valedictorian of the class of 2020-2021. For the past two months, Axel has been assisting the entire team in cases involving civil liability, insurance and construction law, and more generally in business litigation and arbitration. He&hellip;<\/p>\n","protected":false},"author":1,"featured_media":81956,"comment_status":"closed","ping_status":"open","sticky":false,"template":"","format":"standard","meta":{"inline_featured_image":false,"footnotes":""},"categories":[142],"tags":[],"class_list":["post-1775","post","type-post","status-publish","format-standard","has-post-thumbnail","hentry","category-news","category-142","description-off"],"yoast_head":"<!-- This site is optimized with the Yoast SEO plugin v27.5 - https:\/\/yoast.com\/product\/yoast-seo-wordpress\/ -->\n<title>Congratulations to Axel for being valedictorian of the Master 2 International Business Lawyer - University of Paris &#8211; Grenier Avocats<\/title>\n<meta name=\"description\" content=\"Axel Montandon valedictorian of his Master 2 in International Business Law - University of Paris\" \/>\n<meta name=\"robots\" content=\"index, follow, max-snippet:-1, max-image-preview:large, max-video-preview:-1\" \/>\n<link rel=\"canonical\" href=\"https:\/\/grenier-avocats.com\/en\/congratulations-to-axel-for-the-validation-of-his-master-2-as-valedictorian\/\" \/>\n<meta property=\"og:locale\" content=\"en_US\" \/>\n<meta property=\"og:type\" content=\"article\" \/>\n<meta property=\"og:title\" content=\"Congratulations to Axel for being valedictorian of the Master 2 International Business Lawyer - University of Paris &#8211; Grenier Avocats\" \/>\n<meta property=\"og:description\" content=\"Axel Montandon valedictorian of his Master 2 in International Business Law - University of Paris\" \/>\n<meta property=\"og:url\" content=\"https:\/\/grenier-avocats.com\/en\/congratulations-to-axel-for-the-validation-of-his-master-2-as-valedictorian\/\" \/>\n<meta property=\"og:site_name\" content=\"Grenier Avocats\" \/>\n<meta property=\"article:published_time\" content=\"2021-10-26T16:26:57+00:00\" \/>\n<meta property=\"article:modified_time\" content=\"2025-09-27T19:44:57+00:00\" \/>\n<meta property=\"og:image\" content=\"https:\/\/grenier-avocats.com\/wp-content\/uploads\/2024\/01\/Les-implications-des-recents-arrets-sur-la-prescription-de-laction-en-garantie-des-vices-caches.jpg\" \/>\n\t<meta property=\"og:image:width\" content=\"1920\" \/>\n\t<meta property=\"og:image:height\" content=\"1280\" \/>\n\t<meta property=\"og:image:type\" content=\"image\/jpeg\" \/>\n<meta name=\"author\" content=\"admin\" \/>\n<meta name=\"twitter:card\" content=\"summary_large_image\" \/>\n<meta name=\"twitter:label1\" content=\"Written by\" \/>\n\t<meta name=\"twitter:data1\" content=\"admin\" \/>\n\t<meta name=\"twitter:label2\" content=\"Est. reading time\" \/>\n\t<meta name=\"twitter:data2\" content=\"1 minute\" \/>\n<script type=\"application\/ld+json\" class=\"yoast-schema-graph\">{\"@context\":\"https:\\\/\\\/schema.org\",\"@graph\":[{\"@type\":\"Article\",\"@id\":\"https:\\\/\\\/grenier-avocats.com\\\/en\\\/congratulations-to-axel-for-the-validation-of-his-master-2-as-valedictorian\\\/#article\",\"isPartOf\":{\"@id\":\"https:\\\/\\\/grenier-avocats.com\\\/en\\\/congratulations-to-axel-for-the-validation-of-his-master-2-as-valedictorian\\\/\"},\"author\":{\"name\":\"admin\",\"@id\":\"https:\\\/\\\/grenier-avocats.com\\\/en\\\/#\\\/schema\\\/person\\\/53732752d38ec66b6c40a3c20f6ba744\"},\"headline\":\"Congratulations to Axel for being valedictorian of the Master 2 International Business Lawyer &#8211; University of Paris\",\"datePublished\":\"2021-10-26T16:26:57+00:00\",\"dateModified\":\"2025-09-27T19:44:57+00:00\",\"mainEntityOfPage\":{\"@id\":\"https:\\\/\\\/grenier-avocats.com\\\/en\\\/congratulations-to-axel-for-the-validation-of-his-master-2-as-valedictorian\\\/\"},\"wordCount\":96,\"publisher\":{\"@id\":\"https:\\\/\\\/grenier-avocats.com\\\/en\\\/#organization\"},\"image\":{\"@id\":\"https:\\\/\\\/grenier-avocats.com\\\/en\\\/congratulations-to-axel-for-the-validation-of-his-master-2-as-valedictorian\\\/#primaryimage\"},\"thumbnailUrl\":\"https:\\\/\\\/grenier-avocats.com\\\/wp-content\\\/uploads\\\/2024\\\/01\\\/Les-implications-des-recents-arrets-sur-la-prescription-de-laction-en-garantie-des-vices-caches.jpg\",\"articleSection\":[\"News\"],\"inLanguage\":\"en-US\"},{\"@type\":\"WebPage\",\"@id\":\"https:\\\/\\\/grenier-avocats.com\\\/en\\\/congratulations-to-axel-for-the-validation-of-his-master-2-as-valedictorian\\\/\",\"url\":\"https:\\\/\\\/grenier-avocats.com\\\/en\\\/congratulations-to-axel-for-the-validation-of-his-master-2-as-valedictorian\\\/\",\"name\":\"Congratulations to Axel for being valedictorian of the Master 2 International Business Lawyer - University of Paris &#8211; Grenier Avocats\",\"isPartOf\":{\"@id\":\"https:\\\/\\\/grenier-avocats.com\\\/en\\\/#website\"},\"primaryImageOfPage\":{\"@id\":\"https:\\\/\\\/grenier-avocats.com\\\/en\\\/congratulations-to-axel-for-the-validation-of-his-master-2-as-valedictorian\\\/#primaryimage\"},\"image\":{\"@id\":\"https:\\\/\\\/grenier-avocats.com\\\/en\\\/congratulations-to-axel-for-the-validation-of-his-master-2-as-valedictorian\\\/#primaryimage\"},\"thumbnailUrl\":\"https:\\\/\\\/grenier-avocats.com\\\/wp-content\\\/uploads\\\/2024\\\/01\\\/Les-implications-des-recents-arrets-sur-la-prescription-de-laction-en-garantie-des-vices-caches.jpg\",\"datePublished\":\"2021-10-26T16:26:57+00:00\",\"dateModified\":\"2025-09-27T19:44:57+00:00\",\"description\":\"Axel Montandon valedictorian of his Master 2 in International Business Law - University of Paris\",\"breadcrumb\":{\"@id\":\"https:\\\/\\\/grenier-avocats.com\\\/en\\\/congratulations-to-axel-for-the-validation-of-his-master-2-as-valedictorian\\\/#breadcrumb\"},\"inLanguage\":\"en-US\",\"potentialAction\":[{\"@type\":\"ReadAction\",\"target\":[\"https:\\\/\\\/grenier-avocats.com\\\/en\\\/congratulations-to-axel-for-the-validation-of-his-master-2-as-valedictorian\\\/\"]}]},{\"@type\":\"ImageObject\",\"inLanguage\":\"en-US\",\"@id\":\"https:\\\/\\\/grenier-avocats.com\\\/en\\\/congratulations-to-axel-for-the-validation-of-his-master-2-as-valedictorian\\\/#primaryimage\",\"url\":\"https:\\\/\\\/grenier-avocats.com\\\/wp-content\\\/uploads\\\/2024\\\/01\\\/Les-implications-des-recents-arrets-sur-la-prescription-de-laction-en-garantie-des-vices-caches.jpg\",\"contentUrl\":\"https:\\\/\\\/grenier-avocats.com\\\/wp-content\\\/uploads\\\/2024\\\/01\\\/Les-implications-des-recents-arrets-sur-la-prescription-de-laction-en-garantie-des-vices-caches.jpg\",\"width\":1920,\"height\":1280,\"caption\":\"Les implications des r\u00e9cents arr\u00eats sur la prescription de l'action en garantie des vices cach\u00e9s\"},{\"@type\":\"BreadcrumbList\",\"@id\":\"https:\\\/\\\/grenier-avocats.com\\\/en\\\/congratulations-to-axel-for-the-validation-of-his-master-2-as-valedictorian\\\/#breadcrumb\",\"itemListElement\":[{\"@type\":\"ListItem\",\"position\":1,\"name\":\"Accueil\",\"item\":\"https:\\\/\\\/grenier-avocats.com\\\/en\\\/\"},{\"@type\":\"ListItem\",\"position\":2,\"name\":\"Congratulations to Axel for being valedictorian of the Master 2 International Business Lawyer &#8211; University of Paris\"}]},{\"@type\":\"WebSite\",\"@id\":\"https:\\\/\\\/grenier-avocats.com\\\/en\\\/#website\",\"url\":\"https:\\\/\\\/grenier-avocats.com\\\/en\\\/\",\"name\":\"Grenier Avocats\",\"description\":\"Cabinet d&#039;avocats d&#039;affaires \u00e0 Paris\",\"publisher\":{\"@id\":\"https:\\\/\\\/grenier-avocats.com\\\/en\\\/#organization\"},\"alternateName\":\"L'expertise juridique des enjeux industriels et \u00e9thiques\",\"potentialAction\":[{\"@type\":\"SearchAction\",\"target\":{\"@type\":\"EntryPoint\",\"urlTemplate\":\"https:\\\/\\\/grenier-avocats.com\\\/en\\\/?s={search_term_string}\"},\"query-input\":{\"@type\":\"PropertyValueSpecification\",\"valueRequired\":true,\"valueName\":\"search_term_string\"}}],\"inLanguage\":\"en-US\"},{\"@type\":\"Organization\",\"@id\":\"https:\\\/\\\/grenier-avocats.com\\\/en\\\/#organization\",\"name\":\"Grenier Avocats \u2013\u00a0Law Firm\",\"alternateName\":\"L'expertise juridique des enjeux industriels et \u00e9thiques\",\"url\":\"https:\\\/\\\/grenier-avocats.com\\\/en\\\/\",\"logo\":{\"@type\":\"ImageObject\",\"inLanguage\":\"en-US\",\"@id\":\"https:\\\/\\\/grenier-avocats.com\\\/en\\\/#\\\/schema\\\/logo\\\/image\\\/\",\"url\":\"https:\\\/\\\/grenier-avocats.com\\\/wp-content\\\/uploads\\\/2022\\\/08\\\/logo-grenieravocats_100.png\",\"contentUrl\":\"https:\\\/\\\/grenier-avocats.com\\\/wp-content\\\/uploads\\\/2022\\\/08\\\/logo-grenieravocats_100.png\",\"width\":521,\"height\":100,\"caption\":\"Grenier Avocats \u2013\u00a0Law Firm\"},\"image\":{\"@id\":\"https:\\\/\\\/grenier-avocats.com\\\/en\\\/#\\\/schema\\\/logo\\\/image\\\/\"},\"sameAs\":[\"https:\\\/\\\/www.linkedin.com\\\/company\\\/grenieravocats\\\/\"]},{\"@type\":\"Person\",\"@id\":\"https:\\\/\\\/grenier-avocats.com\\\/en\\\/#\\\/schema\\\/person\\\/53732752d38ec66b6c40a3c20f6ba744\",\"name\":\"admin\",\"image\":{\"@type\":\"ImageObject\",\"inLanguage\":\"en-US\",\"@id\":\"https:\\\/\\\/secure.gravatar.com\\\/avatar\\\/37434bc9f38884ed0b9fe0f34bc67ecc3858ae54e6ff3d90e3c112864996eca0?s=96&d=mm&r=g\",\"url\":\"https:\\\/\\\/secure.gravatar.com\\\/avatar\\\/37434bc9f38884ed0b9fe0f34bc67ecc3858ae54e6ff3d90e3c112864996eca0?s=96&d=mm&r=g\",\"contentUrl\":\"https:\\\/\\\/secure.gravatar.com\\\/avatar\\\/37434bc9f38884ed0b9fe0f34bc67ecc3858ae54e6ff3d90e3c112864996eca0?s=96&d=mm&r=g\",\"caption\":\"admin\"},\"sameAs\":[\"https:\\\/\\\/grenier-avocats.com\"],\"url\":\"https:\\\/\\\/grenier-avocats.com\\\/en\\\/author\\\/antoine\\\/\"}]}<\/script>\n<!-- \/ Yoast SEO plugin. -->","yoast_head_json":{"title":"Congratulations to Axel for being valedictorian of the Master 2 International Business Lawyer - University of Paris &#8211; Grenier Avocats","description":"Axel Montandon valedictorian of his Master 2 in International Business Law - University of Paris","robots":{"index":"index","follow":"follow","max-snippet":"max-snippet:-1","max-image-preview":"max-image-preview:large","max-video-preview":"max-video-preview:-1"},"canonical":"https:\/\/grenier-avocats.com\/en\/congratulations-to-axel-for-the-validation-of-his-master-2-as-valedictorian\/","og_locale":"en_US","og_type":"article","og_title":"Congratulations to Axel for being valedictorian of the Master 2 International Business Lawyer - University of Paris &#8211; Grenier Avocats","og_description":"Axel Montandon valedictorian of his Master 2 in International Business Law - University of Paris","og_url":"https:\/\/grenier-avocats.com\/en\/congratulations-to-axel-for-the-validation-of-his-master-2-as-valedictorian\/","og_site_name":"Grenier Avocats","article_published_time":"2021-10-26T16:26:57+00:00","article_modified_time":"2025-09-27T19:44:57+00:00","og_image":[{"width":1920,"height":1280,"url":"https:\/\/grenier-avocats.com\/wp-content\/uploads\/2024\/01\/Les-implications-des-recents-arrets-sur-la-prescription-de-laction-en-garantie-des-vices-caches.jpg","type":"image\/jpeg"}],"author":"admin","twitter_card":"summary_large_image","twitter_misc":{"Written by":"admin","Est. reading time":"1 minute"},"schema":{"@context":"https:\/\/schema.org","@graph":[{"@type":"Article","@id":"https:\/\/grenier-avocats.com\/en\/congratulations-to-axel-for-the-validation-of-his-master-2-as-valedictorian\/#article","isPartOf":{"@id":"https:\/\/grenier-avocats.com\/en\/congratulations-to-axel-for-the-validation-of-his-master-2-as-valedictorian\/"},"author":{"name":"admin","@id":"https:\/\/grenier-avocats.com\/en\/#\/schema\/person\/53732752d38ec66b6c40a3c20f6ba744"},"headline":"Congratulations to Axel for being valedictorian of the Master 2 International Business Lawyer &#8211; University of Paris","datePublished":"2021-10-26T16:26:57+00:00","dateModified":"2025-09-27T19:44:57+00:00","mainEntityOfPage":{"@id":"https:\/\/grenier-avocats.com\/en\/congratulations-to-axel-for-the-validation-of-his-master-2-as-valedictorian\/"},"wordCount":96,"publisher":{"@id":"https:\/\/grenier-avocats.com\/en\/#organization"},"image":{"@id":"https:\/\/grenier-avocats.com\/en\/congratulations-to-axel-for-the-validation-of-his-master-2-as-valedictorian\/#primaryimage"},"thumbnailUrl":"https:\/\/grenier-avocats.com\/wp-content\/uploads\/2024\/01\/Les-implications-des-recents-arrets-sur-la-prescription-de-laction-en-garantie-des-vices-caches.jpg","articleSection":["News"],"inLanguage":"en-US"},{"@type":"WebPage","@id":"https:\/\/grenier-avocats.com\/en\/congratulations-to-axel-for-the-validation-of-his-master-2-as-valedictorian\/","url":"https:\/\/grenier-avocats.com\/en\/congratulations-to-axel-for-the-validation-of-his-master-2-as-valedictorian\/","name":"Congratulations to Axel for being valedictorian of the Master 2 International Business Lawyer - University of Paris &#8211; Grenier Avocats","isPartOf":{"@id":"https:\/\/grenier-avocats.com\/en\/#website"},"primaryImageOfPage":{"@id":"https:\/\/grenier-avocats.com\/en\/congratulations-to-axel-for-the-validation-of-his-master-2-as-valedictorian\/#primaryimage"},"image":{"@id":"https:\/\/grenier-avocats.com\/en\/congratulations-to-axel-for-the-validation-of-his-master-2-as-valedictorian\/#primaryimage"},"thumbnailUrl":"https:\/\/grenier-avocats.com\/wp-content\/uploads\/2024\/01\/Les-implications-des-recents-arrets-sur-la-prescription-de-laction-en-garantie-des-vices-caches.jpg","datePublished":"2021-10-26T16:26:57+00:00","dateModified":"2025-09-27T19:44:57+00:00","description":"Axel Montandon valedictorian of his Master 2 in International Business Law - University of Paris","breadcrumb":{"@id":"https:\/\/grenier-avocats.com\/en\/congratulations-to-axel-for-the-validation-of-his-master-2-as-valedictorian\/#breadcrumb"},"inLanguage":"en-US","potentialAction":[{"@type":"ReadAction","target":["https:\/\/grenier-avocats.com\/en\/congratulations-to-axel-for-the-validation-of-his-master-2-as-valedictorian\/"]}]},{"@type":"ImageObject","inLanguage":"en-US","@id":"https:\/\/grenier-avocats.com\/en\/congratulations-to-axel-for-the-validation-of-his-master-2-as-valedictorian\/#primaryimage","url":"https:\/\/grenier-avocats.com\/wp-content\/uploads\/2024\/01\/Les-implications-des-recents-arrets-sur-la-prescription-de-laction-en-garantie-des-vices-caches.jpg","contentUrl":"https:\/\/grenier-avocats.com\/wp-content\/uploads\/2024\/01\/Les-implications-des-recents-arrets-sur-la-prescription-de-laction-en-garantie-des-vices-caches.jpg","width":1920,"height":1280,"caption":"Les implications des r\u00e9cents arr\u00eats sur la prescription de l'action en garantie des vices cach\u00e9s"},{"@type":"BreadcrumbList","@id":"https:\/\/grenier-avocats.com\/en\/congratulations-to-axel-for-the-validation-of-his-master-2-as-valedictorian\/#breadcrumb","itemListElement":[{"@type":"ListItem","position":1,"name":"Accueil","item":"https:\/\/grenier-avocats.com\/en\/"},{"@type":"ListItem","position":2,"name":"Congratulations to Axel for being valedictorian of the Master 2 International Business Lawyer &#8211; University of Paris"}]},{"@type":"WebSite","@id":"https:\/\/grenier-avocats.com\/en\/#website","url":"https:\/\/grenier-avocats.com\/en\/","name":"Grenier Avocats","description":"Cabinet d&#039;avocats d&#039;affaires \u00e0 Paris","publisher":{"@id":"https:\/\/grenier-avocats.com\/en\/#organization"},"alternateName":"L'expertise juridique des enjeux industriels et \u00e9thiques","potentialAction":[{"@type":"SearchAction","target":{"@type":"EntryPoint","urlTemplate":"https:\/\/grenier-avocats.com\/en\/?s={search_term_string}"},"query-input":{"@type":"PropertyValueSpecification","valueRequired":true,"valueName":"search_term_string"}}],"inLanguage":"en-US"},{"@type":"Organization","@id":"https:\/\/grenier-avocats.com\/en\/#organization","name":"Grenier Avocats \u2013\u00a0Law Firm","alternateName":"L'expertise juridique des enjeux industriels et \u00e9thiques","url":"https:\/\/grenier-avocats.com\/en\/","logo":{"@type":"ImageObject","inLanguage":"en-US","@id":"https:\/\/grenier-avocats.com\/en\/#\/schema\/logo\/image\/","url":"https:\/\/grenier-avocats.com\/wp-content\/uploads\/2022\/08\/logo-grenieravocats_100.png","contentUrl":"https:\/\/grenier-avocats.com\/wp-content\/uploads\/2022\/08\/logo-grenieravocats_100.png","width":521,"height":100,"caption":"Grenier Avocats \u2013\u00a0Law Firm"},"image":{"@id":"https:\/\/grenier-avocats.com\/en\/#\/schema\/logo\/image\/"},"sameAs":["https:\/\/www.linkedin.com\/company\/grenieravocats\/"]},{"@type":"Person","@id":"https:\/\/grenier-avocats.com\/en\/#\/schema\/person\/53732752d38ec66b6c40a3c20f6ba744","name":"admin","image":{"@type":"ImageObject","inLanguage":"en-US","@id":"https:\/\/secure.gravatar.com\/avatar\/37434bc9f38884ed0b9fe0f34bc67ecc3858ae54e6ff3d90e3c112864996eca0?s=96&d=mm&r=g","url":"https:\/\/secure.gravatar.com\/avatar\/37434bc9f38884ed0b9fe0f34bc67ecc3858ae54e6ff3d90e3c112864996eca0?s=96&d=mm&r=g","contentUrl":"https:\/\/secure.gravatar.com\/avatar\/37434bc9f38884ed0b9fe0f34bc67ecc3858ae54e6ff3d90e3c112864996eca0?s=96&d=mm&r=g","caption":"admin"},"sameAs":["https:\/\/grenier-avocats.com"],"url":"https:\/\/grenier-avocats.com\/en\/author\/antoine\/"}]}},"_links":{"self":[{"href":"https:\/\/grenier-avocats.com\/en\/wp-json\/wp\/v2\/posts\/1775","targetHints":{"allow":["GET"]}}],"collection":[{"href":"https:\/\/grenier-avocats.com\/en\/wp-json\/wp\/v2\/posts"}],"about":[{"href":"https:\/\/grenier-avocats.com\/en\/wp-json\/wp\/v2\/types\/post"}],"author":[{"embeddable":true,"href":"https:\/\/grenier-avocats.com\/en\/wp-json\/wp\/v2\/users\/1"}],"replies":[{"embeddable":true,"href":"https:\/\/grenier-avocats.com\/en\/wp-json\/wp\/v2\/comments?post=1775"}],"version-history":[{"count":0,"href":"https:\/\/grenier-avocats.com\/en\/wp-json\/wp\/v2\/posts\/1775\/revisions"}],"wp:featuredmedia":[{"embeddable":true,"href":"https:\/\/grenier-avocats.com\/en\/wp-json\/wp\/v2\/media\/81956"}],"wp:attachment":[{"href":"https:\/\/grenier-avocats.com\/en\/wp-json\/wp\/v2\/media?parent=1775"}],"wp:term":[{"taxonomy":"category","embeddable":true,"href":"https:\/\/grenier-avocats.com\/en\/wp-json\/wp\/v2\/categories?post=1775"},{"taxonomy":"post_tag","embeddable":true,"href":"https:\/\/grenier-avocats.com\/en\/wp-json\/wp\/v2\/tags?post=1775"}],"curies":[{"name":"wp","href":"https:\/\/api.w.org\/{rel}","templated":true}]}}