{"id":1682,"date":"2021-06-28T13:27:17","date_gmt":"2021-06-28T13:27:17","guid":{"rendered":"https:\/\/grenier-avocats.com\/?p=1682"},"modified":"2024-02-14T18:23:36","modified_gmt":"2024-02-14T16:23:36","slug":"compliance-fusions-acquisitions-intervention-de-patrice-grenier-dans-b-smart-chaine-tv-consacree-a-leconomie-et-aux-entreprises","status":"publish","type":"post","link":"https:\/\/grenier-avocats.com\/en\/compliance-fusions-acquisitions-intervention-de-patrice-grenier-dans-b-smart-chaine-tv-consacree-a-leconomie-et-aux-entreprises\/","title":{"rendered":"Compliance &#038; fusions-acquisitions : intervention de\u00a0Patrice Grenier\u00a0dans\u00a0B SMART, cha\u00eene TV consacr\u00e9e \u00e0 l\u2019\u00e9conomie et aux entreprises"},"content":{"rendered":"<p>Comment bien mener une op\u00e9ration d\u2019acquisition ?<\/p>\n<p>Les entreprises ont-elles d\u00e9sormais int\u00e9gr\u00e9 l\u2019utilit\u00e9 de la compliance ou les risques sont-ils encore mal appr\u00e9hend\u00e9s ?<\/p>\n<p>Quels sont les risques recherch\u00e9s dans le cadre d\u2019un audit ?<\/p>\n<p>Quel est le meilleur moment pour r\u00e9aliser un audit ?<\/p>\n<p>Comment le cabinet&nbsp;GrenierAvocats&nbsp;accompagne-t-il ses clients dans le cadre d\u2019une acquisition ?<\/p>\n<p>Patrice Grenier r\u00e9pond aux questions de la journaliste Florence Duprat qui intervient pour la cha\u00eene B Smart.<\/p>\n<p><a href=\"https:\/\/www.bsmart.fr\/video\/1180,37-smart-lex-grenier-avocats\" target=\"_blank\" rel=\"noopener noreferrer\">A visionner ici.<\/a><\/p>\n","protected":false},"excerpt":{"rendered":"<p>Comment bien mener une op\u00e9ration d\u2019acquisition ? Les entreprises ont-elles d\u00e9sormais int\u00e9gr\u00e9 l\u2019utilit\u00e9 de la compliance ou les risques sont-ils encore mal appr\u00e9hend\u00e9s ? Quels sont les risques recherch\u00e9s dans le cadre d\u2019un audit ? Quel est le meilleur moment pour r\u00e9aliser un audit ? Comment le cabinet&nbsp;GrenierAvocats&nbsp;accompagne-t-il ses clients dans le cadre d\u2019une acquisition&hellip;<\/p>\n","protected":false},"author":1,"featured_media":82119,"comment_status":"closed","ping_status":"open","sticky":false,"template":"","format":"standard","meta":{"inline_featured_image":false,"footnotes":""},"categories":[142],"tags":[],"class_list":["post-1682","post","type-post","status-publish","format-standard","has-post-thumbnail","hentry","category-news","category-142","description-off"],"yoast_head":"<!-- This site is optimized with the Yoast SEO plugin v27.5 - https:\/\/yoast.com\/product\/yoast-seo-wordpress\/ -->\n<title>Compliance &amp; fusions-acquisitions : intervention de\u00a0Patrice Grenier\u00a0dans\u00a0B SMART, cha\u00eene TV consacr\u00e9e \u00e0 l\u2019\u00e9conomie et aux entreprises &#8211; Grenier Avocats<\/title>\n<meta name=\"robots\" content=\"index, follow, max-snippet:-1, max-image-preview:large, max-video-preview:-1\" \/>\n<link rel=\"canonical\" href=\"https:\/\/grenier-avocats.com\/en\/compliance-fusions-acquisitions-intervention-de-patrice-grenier-dans-b-smart-chaine-tv-consacree-a-leconomie-et-aux-entreprises\/\" \/>\n<meta property=\"og:locale\" content=\"en_US\" \/>\n<meta property=\"og:type\" content=\"article\" \/>\n<meta property=\"og:title\" content=\"Compliance &amp; fusions-acquisitions : intervention de\u00a0Patrice Grenier\u00a0dans\u00a0B SMART, cha\u00eene TV consacr\u00e9e \u00e0 l\u2019\u00e9conomie et aux entreprises &#8211; Grenier Avocats\" \/>\n<meta property=\"og:description\" content=\"Comment bien mener une op\u00e9ration d\u2019acquisition ? Les entreprises ont-elles d\u00e9sormais int\u00e9gr\u00e9 l\u2019utilit\u00e9 de la compliance ou les risques sont-ils encore mal appr\u00e9hend\u00e9s ? Quels sont les risques recherch\u00e9s dans le cadre d\u2019un audit ? Quel est le meilleur moment pour r\u00e9aliser un audit ? Comment le cabinet&nbsp;GrenierAvocats&nbsp;accompagne-t-il ses clients dans le cadre d\u2019une acquisition&hellip;\" \/>\n<meta property=\"og:url\" content=\"https:\/\/grenier-avocats.com\/en\/compliance-fusions-acquisitions-intervention-de-patrice-grenier-dans-b-smart-chaine-tv-consacree-a-leconomie-et-aux-entreprises\/\" \/>\n<meta property=\"og:site_name\" content=\"Grenier Avocats\" \/>\n<meta property=\"article:published_time\" content=\"2021-06-28T13:27:17+00:00\" \/>\n<meta property=\"article:modified_time\" content=\"2024-02-14T16:23:36+00:00\" \/>\n<meta property=\"og:image\" content=\"https:\/\/grenier-avocats.com\/wp-content\/uploads\/2024\/01\/everything-for-business-meeting-2023-11-27-05-05-08-utc-scaled.jpg\" \/>\n\t<meta property=\"og:image:width\" content=\"2560\" \/>\n\t<meta property=\"og:image:height\" content=\"1709\" \/>\n\t<meta property=\"og:image:type\" content=\"image\/jpeg\" \/>\n<meta name=\"author\" content=\"admin\" \/>\n<meta name=\"twitter:card\" content=\"summary_large_image\" \/>\n<meta name=\"twitter:label1\" content=\"Written by\" \/>\n\t<meta name=\"twitter:data1\" content=\"admin\" \/>\n\t<meta name=\"twitter:label2\" content=\"Est. reading time\" \/>\n\t<meta name=\"twitter:data2\" content=\"1 minute\" \/>\n<script type=\"application\/ld+json\" class=\"yoast-schema-graph\">{\"@context\":\"https:\\\/\\\/schema.org\",\"@graph\":[{\"@type\":\"Article\",\"@id\":\"https:\\\/\\\/grenier-avocats.com\\\/en\\\/compliance-fusions-acquisitions-intervention-de-patrice-grenier-dans-b-smart-chaine-tv-consacree-a-leconomie-et-aux-entreprises\\\/#article\",\"isPartOf\":{\"@id\":\"https:\\\/\\\/grenier-avocats.com\\\/en\\\/compliance-fusions-acquisitions-intervention-de-patrice-grenier-dans-b-smart-chaine-tv-consacree-a-leconomie-et-aux-entreprises\\\/\"},\"author\":{\"name\":\"admin\",\"@id\":\"https:\\\/\\\/grenier-avocats.com\\\/en\\\/#\\\/schema\\\/person\\\/53732752d38ec66b6c40a3c20f6ba744\"},\"headline\":\"Compliance &#038; fusions-acquisitions : intervention de\u00a0Patrice Grenier\u00a0dans\u00a0B SMART, cha\u00eene TV consacr\u00e9e \u00e0 l\u2019\u00e9conomie et aux entreprises\",\"datePublished\":\"2021-06-28T13:27:17+00:00\",\"dateModified\":\"2024-02-14T16:23:36+00:00\",\"mainEntityOfPage\":{\"@id\":\"https:\\\/\\\/grenier-avocats.com\\\/en\\\/compliance-fusions-acquisitions-intervention-de-patrice-grenier-dans-b-smart-chaine-tv-consacree-a-leconomie-et-aux-entreprises\\\/\"},\"wordCount\":107,\"publisher\":{\"@id\":\"https:\\\/\\\/grenier-avocats.com\\\/en\\\/#organization\"},\"image\":{\"@id\":\"https:\\\/\\\/grenier-avocats.com\\\/en\\\/compliance-fusions-acquisitions-intervention-de-patrice-grenier-dans-b-smart-chaine-tv-consacree-a-leconomie-et-aux-entreprises\\\/#primaryimage\"},\"thumbnailUrl\":\"https:\\\/\\\/grenier-avocats.com\\\/wp-content\\\/uploads\\\/2024\\\/01\\\/everything-for-business-meeting-2023-11-27-05-05-08-utc-scaled.jpg\",\"articleSection\":[\"News\"],\"inLanguage\":\"en-US\"},{\"@type\":\"WebPage\",\"@id\":\"https:\\\/\\\/grenier-avocats.com\\\/en\\\/compliance-fusions-acquisitions-intervention-de-patrice-grenier-dans-b-smart-chaine-tv-consacree-a-leconomie-et-aux-entreprises\\\/\",\"url\":\"https:\\\/\\\/grenier-avocats.com\\\/en\\\/compliance-fusions-acquisitions-intervention-de-patrice-grenier-dans-b-smart-chaine-tv-consacree-a-leconomie-et-aux-entreprises\\\/\",\"name\":\"Compliance & fusions-acquisitions : intervention de\u00a0Patrice Grenier\u00a0dans\u00a0B SMART, cha\u00eene TV consacr\u00e9e \u00e0 l\u2019\u00e9conomie et aux entreprises &#8211; Grenier Avocats\",\"isPartOf\":{\"@id\":\"https:\\\/\\\/grenier-avocats.com\\\/en\\\/#website\"},\"primaryImageOfPage\":{\"@id\":\"https:\\\/\\\/grenier-avocats.com\\\/en\\\/compliance-fusions-acquisitions-intervention-de-patrice-grenier-dans-b-smart-chaine-tv-consacree-a-leconomie-et-aux-entreprises\\\/#primaryimage\"},\"image\":{\"@id\":\"https:\\\/\\\/grenier-avocats.com\\\/en\\\/compliance-fusions-acquisitions-intervention-de-patrice-grenier-dans-b-smart-chaine-tv-consacree-a-leconomie-et-aux-entreprises\\\/#primaryimage\"},\"thumbnailUrl\":\"https:\\\/\\\/grenier-avocats.com\\\/wp-content\\\/uploads\\\/2024\\\/01\\\/everything-for-business-meeting-2023-11-27-05-05-08-utc-scaled.jpg\",\"datePublished\":\"2021-06-28T13:27:17+00:00\",\"dateModified\":\"2024-02-14T16:23:36+00:00\",\"breadcrumb\":{\"@id\":\"https:\\\/\\\/grenier-avocats.com\\\/en\\\/compliance-fusions-acquisitions-intervention-de-patrice-grenier-dans-b-smart-chaine-tv-consacree-a-leconomie-et-aux-entreprises\\\/#breadcrumb\"},\"inLanguage\":\"en-US\",\"potentialAction\":[{\"@type\":\"ReadAction\",\"target\":[\"https:\\\/\\\/grenier-avocats.com\\\/en\\\/compliance-fusions-acquisitions-intervention-de-patrice-grenier-dans-b-smart-chaine-tv-consacree-a-leconomie-et-aux-entreprises\\\/\"]}]},{\"@type\":\"ImageObject\",\"inLanguage\":\"en-US\",\"@id\":\"https:\\\/\\\/grenier-avocats.com\\\/en\\\/compliance-fusions-acquisitions-intervention-de-patrice-grenier-dans-b-smart-chaine-tv-consacree-a-leconomie-et-aux-entreprises\\\/#primaryimage\",\"url\":\"https:\\\/\\\/grenier-avocats.com\\\/wp-content\\\/uploads\\\/2024\\\/01\\\/everything-for-business-meeting-2023-11-27-05-05-08-utc-scaled.jpg\",\"contentUrl\":\"https:\\\/\\\/grenier-avocats.com\\\/wp-content\\\/uploads\\\/2024\\\/01\\\/everything-for-business-meeting-2023-11-27-05-05-08-utc-scaled.jpg\",\"width\":2560,\"height\":1709,\"caption\":\"Table with notepads and coffee cups for business meeting\"},{\"@type\":\"BreadcrumbList\",\"@id\":\"https:\\\/\\\/grenier-avocats.com\\\/en\\\/compliance-fusions-acquisitions-intervention-de-patrice-grenier-dans-b-smart-chaine-tv-consacree-a-leconomie-et-aux-entreprises\\\/#breadcrumb\",\"itemListElement\":[{\"@type\":\"ListItem\",\"position\":1,\"name\":\"Accueil\",\"item\":\"https:\\\/\\\/grenier-avocats.com\\\/en\\\/\"},{\"@type\":\"ListItem\",\"position\":2,\"name\":\"Compliance &#038; fusions-acquisitions : intervention de\u00a0Patrice Grenier\u00a0dans\u00a0B SMART, cha\u00eene TV consacr\u00e9e \u00e0 l\u2019\u00e9conomie et aux entreprises\"}]},{\"@type\":\"WebSite\",\"@id\":\"https:\\\/\\\/grenier-avocats.com\\\/en\\\/#website\",\"url\":\"https:\\\/\\\/grenier-avocats.com\\\/en\\\/\",\"name\":\"Grenier Avocats\",\"description\":\"Cabinet d&#039;avocats d&#039;affaires \u00e0 Paris\",\"publisher\":{\"@id\":\"https:\\\/\\\/grenier-avocats.com\\\/en\\\/#organization\"},\"alternateName\":\"L'expertise juridique des enjeux industriels et \u00e9thiques\",\"potentialAction\":[{\"@type\":\"SearchAction\",\"target\":{\"@type\":\"EntryPoint\",\"urlTemplate\":\"https:\\\/\\\/grenier-avocats.com\\\/en\\\/?s={search_term_string}\"},\"query-input\":{\"@type\":\"PropertyValueSpecification\",\"valueRequired\":true,\"valueName\":\"search_term_string\"}}],\"inLanguage\":\"en-US\"},{\"@type\":\"Organization\",\"@id\":\"https:\\\/\\\/grenier-avocats.com\\\/en\\\/#organization\",\"name\":\"Grenier Avocats \u2013\u00a0Law Firm\",\"alternateName\":\"L'expertise juridique des enjeux industriels et \u00e9thiques\",\"url\":\"https:\\\/\\\/grenier-avocats.com\\\/en\\\/\",\"logo\":{\"@type\":\"ImageObject\",\"inLanguage\":\"en-US\",\"@id\":\"https:\\\/\\\/grenier-avocats.com\\\/en\\\/#\\\/schema\\\/logo\\\/image\\\/\",\"url\":\"https:\\\/\\\/grenier-avocats.com\\\/wp-content\\\/uploads\\\/2022\\\/08\\\/logo-grenieravocats_100.png\",\"contentUrl\":\"https:\\\/\\\/grenier-avocats.com\\\/wp-content\\\/uploads\\\/2022\\\/08\\\/logo-grenieravocats_100.png\",\"width\":521,\"height\":100,\"caption\":\"Grenier Avocats \u2013\u00a0Law Firm\"},\"image\":{\"@id\":\"https:\\\/\\\/grenier-avocats.com\\\/en\\\/#\\\/schema\\\/logo\\\/image\\\/\"},\"sameAs\":[\"https:\\\/\\\/www.linkedin.com\\\/company\\\/grenieravocats\\\/\"]},{\"@type\":\"Person\",\"@id\":\"https:\\\/\\\/grenier-avocats.com\\\/en\\\/#\\\/schema\\\/person\\\/53732752d38ec66b6c40a3c20f6ba744\",\"name\":\"admin\",\"image\":{\"@type\":\"ImageObject\",\"inLanguage\":\"en-US\",\"@id\":\"https:\\\/\\\/secure.gravatar.com\\\/avatar\\\/37434bc9f38884ed0b9fe0f34bc67ecc3858ae54e6ff3d90e3c112864996eca0?s=96&d=mm&r=g\",\"url\":\"https:\\\/\\\/secure.gravatar.com\\\/avatar\\\/37434bc9f38884ed0b9fe0f34bc67ecc3858ae54e6ff3d90e3c112864996eca0?s=96&d=mm&r=g\",\"contentUrl\":\"https:\\\/\\\/secure.gravatar.com\\\/avatar\\\/37434bc9f38884ed0b9fe0f34bc67ecc3858ae54e6ff3d90e3c112864996eca0?s=96&d=mm&r=g\",\"caption\":\"admin\"},\"sameAs\":[\"https:\\\/\\\/grenier-avocats.com\"],\"url\":\"https:\\\/\\\/grenier-avocats.com\\\/en\\\/author\\\/antoine\\\/\"}]}<\/script>\n<!-- \/ Yoast SEO plugin. -->","yoast_head_json":{"title":"Compliance & fusions-acquisitions : intervention de\u00a0Patrice Grenier\u00a0dans\u00a0B SMART, cha\u00eene TV consacr\u00e9e \u00e0 l\u2019\u00e9conomie et aux entreprises &#8211; Grenier Avocats","robots":{"index":"index","follow":"follow","max-snippet":"max-snippet:-1","max-image-preview":"max-image-preview:large","max-video-preview":"max-video-preview:-1"},"canonical":"https:\/\/grenier-avocats.com\/en\/compliance-fusions-acquisitions-intervention-de-patrice-grenier-dans-b-smart-chaine-tv-consacree-a-leconomie-et-aux-entreprises\/","og_locale":"en_US","og_type":"article","og_title":"Compliance & fusions-acquisitions : intervention de\u00a0Patrice Grenier\u00a0dans\u00a0B SMART, cha\u00eene TV consacr\u00e9e \u00e0 l\u2019\u00e9conomie et aux entreprises &#8211; Grenier Avocats","og_description":"Comment bien mener une op\u00e9ration d\u2019acquisition ? Les entreprises ont-elles d\u00e9sormais int\u00e9gr\u00e9 l\u2019utilit\u00e9 de la compliance ou les risques sont-ils encore mal appr\u00e9hend\u00e9s ? Quels sont les risques recherch\u00e9s dans le cadre d\u2019un audit ? Quel est le meilleur moment pour r\u00e9aliser un audit ? Comment le cabinet&nbsp;GrenierAvocats&nbsp;accompagne-t-il ses clients dans le cadre d\u2019une acquisition&hellip;","og_url":"https:\/\/grenier-avocats.com\/en\/compliance-fusions-acquisitions-intervention-de-patrice-grenier-dans-b-smart-chaine-tv-consacree-a-leconomie-et-aux-entreprises\/","og_site_name":"Grenier Avocats","article_published_time":"2021-06-28T13:27:17+00:00","article_modified_time":"2024-02-14T16:23:36+00:00","og_image":[{"width":2560,"height":1709,"url":"https:\/\/grenier-avocats.com\/wp-content\/uploads\/2024\/01\/everything-for-business-meeting-2023-11-27-05-05-08-utc-scaled.jpg","type":"image\/jpeg"}],"author":"admin","twitter_card":"summary_large_image","twitter_misc":{"Written by":"admin","Est. reading time":"1 minute"},"schema":{"@context":"https:\/\/schema.org","@graph":[{"@type":"Article","@id":"https:\/\/grenier-avocats.com\/en\/compliance-fusions-acquisitions-intervention-de-patrice-grenier-dans-b-smart-chaine-tv-consacree-a-leconomie-et-aux-entreprises\/#article","isPartOf":{"@id":"https:\/\/grenier-avocats.com\/en\/compliance-fusions-acquisitions-intervention-de-patrice-grenier-dans-b-smart-chaine-tv-consacree-a-leconomie-et-aux-entreprises\/"},"author":{"name":"admin","@id":"https:\/\/grenier-avocats.com\/en\/#\/schema\/person\/53732752d38ec66b6c40a3c20f6ba744"},"headline":"Compliance &#038; fusions-acquisitions : intervention de\u00a0Patrice Grenier\u00a0dans\u00a0B SMART, cha\u00eene TV consacr\u00e9e \u00e0 l\u2019\u00e9conomie et aux entreprises","datePublished":"2021-06-28T13:27:17+00:00","dateModified":"2024-02-14T16:23:36+00:00","mainEntityOfPage":{"@id":"https:\/\/grenier-avocats.com\/en\/compliance-fusions-acquisitions-intervention-de-patrice-grenier-dans-b-smart-chaine-tv-consacree-a-leconomie-et-aux-entreprises\/"},"wordCount":107,"publisher":{"@id":"https:\/\/grenier-avocats.com\/en\/#organization"},"image":{"@id":"https:\/\/grenier-avocats.com\/en\/compliance-fusions-acquisitions-intervention-de-patrice-grenier-dans-b-smart-chaine-tv-consacree-a-leconomie-et-aux-entreprises\/#primaryimage"},"thumbnailUrl":"https:\/\/grenier-avocats.com\/wp-content\/uploads\/2024\/01\/everything-for-business-meeting-2023-11-27-05-05-08-utc-scaled.jpg","articleSection":["News"],"inLanguage":"en-US"},{"@type":"WebPage","@id":"https:\/\/grenier-avocats.com\/en\/compliance-fusions-acquisitions-intervention-de-patrice-grenier-dans-b-smart-chaine-tv-consacree-a-leconomie-et-aux-entreprises\/","url":"https:\/\/grenier-avocats.com\/en\/compliance-fusions-acquisitions-intervention-de-patrice-grenier-dans-b-smart-chaine-tv-consacree-a-leconomie-et-aux-entreprises\/","name":"Compliance & fusions-acquisitions : intervention de\u00a0Patrice Grenier\u00a0dans\u00a0B SMART, cha\u00eene TV consacr\u00e9e \u00e0 l\u2019\u00e9conomie et aux entreprises &#8211; Grenier Avocats","isPartOf":{"@id":"https:\/\/grenier-avocats.com\/en\/#website"},"primaryImageOfPage":{"@id":"https:\/\/grenier-avocats.com\/en\/compliance-fusions-acquisitions-intervention-de-patrice-grenier-dans-b-smart-chaine-tv-consacree-a-leconomie-et-aux-entreprises\/#primaryimage"},"image":{"@id":"https:\/\/grenier-avocats.com\/en\/compliance-fusions-acquisitions-intervention-de-patrice-grenier-dans-b-smart-chaine-tv-consacree-a-leconomie-et-aux-entreprises\/#primaryimage"},"thumbnailUrl":"https:\/\/grenier-avocats.com\/wp-content\/uploads\/2024\/01\/everything-for-business-meeting-2023-11-27-05-05-08-utc-scaled.jpg","datePublished":"2021-06-28T13:27:17+00:00","dateModified":"2024-02-14T16:23:36+00:00","breadcrumb":{"@id":"https:\/\/grenier-avocats.com\/en\/compliance-fusions-acquisitions-intervention-de-patrice-grenier-dans-b-smart-chaine-tv-consacree-a-leconomie-et-aux-entreprises\/#breadcrumb"},"inLanguage":"en-US","potentialAction":[{"@type":"ReadAction","target":["https:\/\/grenier-avocats.com\/en\/compliance-fusions-acquisitions-intervention-de-patrice-grenier-dans-b-smart-chaine-tv-consacree-a-leconomie-et-aux-entreprises\/"]}]},{"@type":"ImageObject","inLanguage":"en-US","@id":"https:\/\/grenier-avocats.com\/en\/compliance-fusions-acquisitions-intervention-de-patrice-grenier-dans-b-smart-chaine-tv-consacree-a-leconomie-et-aux-entreprises\/#primaryimage","url":"https:\/\/grenier-avocats.com\/wp-content\/uploads\/2024\/01\/everything-for-business-meeting-2023-11-27-05-05-08-utc-scaled.jpg","contentUrl":"https:\/\/grenier-avocats.com\/wp-content\/uploads\/2024\/01\/everything-for-business-meeting-2023-11-27-05-05-08-utc-scaled.jpg","width":2560,"height":1709,"caption":"Table with notepads and coffee cups for business meeting"},{"@type":"BreadcrumbList","@id":"https:\/\/grenier-avocats.com\/en\/compliance-fusions-acquisitions-intervention-de-patrice-grenier-dans-b-smart-chaine-tv-consacree-a-leconomie-et-aux-entreprises\/#breadcrumb","itemListElement":[{"@type":"ListItem","position":1,"name":"Accueil","item":"https:\/\/grenier-avocats.com\/en\/"},{"@type":"ListItem","position":2,"name":"Compliance &#038; fusions-acquisitions : intervention de\u00a0Patrice Grenier\u00a0dans\u00a0B SMART, cha\u00eene TV consacr\u00e9e \u00e0 l\u2019\u00e9conomie et aux entreprises"}]},{"@type":"WebSite","@id":"https:\/\/grenier-avocats.com\/en\/#website","url":"https:\/\/grenier-avocats.com\/en\/","name":"Grenier Avocats","description":"Cabinet d&#039;avocats d&#039;affaires \u00e0 Paris","publisher":{"@id":"https:\/\/grenier-avocats.com\/en\/#organization"},"alternateName":"L'expertise juridique des enjeux industriels et \u00e9thiques","potentialAction":[{"@type":"SearchAction","target":{"@type":"EntryPoint","urlTemplate":"https:\/\/grenier-avocats.com\/en\/?s={search_term_string}"},"query-input":{"@type":"PropertyValueSpecification","valueRequired":true,"valueName":"search_term_string"}}],"inLanguage":"en-US"},{"@type":"Organization","@id":"https:\/\/grenier-avocats.com\/en\/#organization","name":"Grenier Avocats \u2013\u00a0Law Firm","alternateName":"L'expertise juridique des enjeux industriels et \u00e9thiques","url":"https:\/\/grenier-avocats.com\/en\/","logo":{"@type":"ImageObject","inLanguage":"en-US","@id":"https:\/\/grenier-avocats.com\/en\/#\/schema\/logo\/image\/","url":"https:\/\/grenier-avocats.com\/wp-content\/uploads\/2022\/08\/logo-grenieravocats_100.png","contentUrl":"https:\/\/grenier-avocats.com\/wp-content\/uploads\/2022\/08\/logo-grenieravocats_100.png","width":521,"height":100,"caption":"Grenier Avocats \u2013\u00a0Law Firm"},"image":{"@id":"https:\/\/grenier-avocats.com\/en\/#\/schema\/logo\/image\/"},"sameAs":["https:\/\/www.linkedin.com\/company\/grenieravocats\/"]},{"@type":"Person","@id":"https:\/\/grenier-avocats.com\/en\/#\/schema\/person\/53732752d38ec66b6c40a3c20f6ba744","name":"admin","image":{"@type":"ImageObject","inLanguage":"en-US","@id":"https:\/\/secure.gravatar.com\/avatar\/37434bc9f38884ed0b9fe0f34bc67ecc3858ae54e6ff3d90e3c112864996eca0?s=96&d=mm&r=g","url":"https:\/\/secure.gravatar.com\/avatar\/37434bc9f38884ed0b9fe0f34bc67ecc3858ae54e6ff3d90e3c112864996eca0?s=96&d=mm&r=g","contentUrl":"https:\/\/secure.gravatar.com\/avatar\/37434bc9f38884ed0b9fe0f34bc67ecc3858ae54e6ff3d90e3c112864996eca0?s=96&d=mm&r=g","caption":"admin"},"sameAs":["https:\/\/grenier-avocats.com"],"url":"https:\/\/grenier-avocats.com\/en\/author\/antoine\/"}]}},"_links":{"self":[{"href":"https:\/\/grenier-avocats.com\/en\/wp-json\/wp\/v2\/posts\/1682","targetHints":{"allow":["GET"]}}],"collection":[{"href":"https:\/\/grenier-avocats.com\/en\/wp-json\/wp\/v2\/posts"}],"about":[{"href":"https:\/\/grenier-avocats.com\/en\/wp-json\/wp\/v2\/types\/post"}],"author":[{"embeddable":true,"href":"https:\/\/grenier-avocats.com\/en\/wp-json\/wp\/v2\/users\/1"}],"replies":[{"embeddable":true,"href":"https:\/\/grenier-avocats.com\/en\/wp-json\/wp\/v2\/comments?post=1682"}],"version-history":[{"count":0,"href":"https:\/\/grenier-avocats.com\/en\/wp-json\/wp\/v2\/posts\/1682\/revisions"}],"wp:featuredmedia":[{"embeddable":true,"href":"https:\/\/grenier-avocats.com\/en\/wp-json\/wp\/v2\/media\/82119"}],"wp:attachment":[{"href":"https:\/\/grenier-avocats.com\/en\/wp-json\/wp\/v2\/media?parent=1682"}],"wp:term":[{"taxonomy":"category","embeddable":true,"href":"https:\/\/grenier-avocats.com\/en\/wp-json\/wp\/v2\/categories?post=1682"},{"taxonomy":"post_tag","embeddable":true,"href":"https:\/\/grenier-avocats.com\/en\/wp-json\/wp\/v2\/tags?post=1682"}],"curies":[{"name":"wp","href":"https:\/\/api.w.org\/{rel}","templated":true}]}}